{
    "title": "SAP pr\u00e9sente ses r\u00e9sultats du quatri\u00e8me trimestre et ses r\u00e9sultats annuels 2025",
    "modified_at": "2026-04-07 20:22:31",
    "published_at": "2026-01-29 10:05:00",
    "url": "https://sap-belux.prezly.com/sap-presente-ses-resultats-du-quatrieme-trimestre-et-ses-resultats-annuels-2025",
    "short_url": "http://prez.ly/XDAd",
    "culture": "fr_BE",
    "language": "FR",
    "subtitle": "SAP a publi\u00e9 ses r\u00e9sultats financiers pour le quatri\u00e8me trimestre ainsi que pour l\u2019ensemble de l\u2019exercice 2025.",
    "slug": "sap-presente-ses-resultats-du-quatrieme-trimestre-et-ses-resultats-annuels-2025",
    "body": "<h4 id=\"resultats-financiers-exercice-2025\" >R&eacute;sultats financiers &ndash; exercice 2025</h4><p>Les principaux r&eacute;sultats sont les suivants :</p><ul class=\"release-content-list release-content-list--bulleted release-content-list--align-inherit\"><li><span>SAP atteint ses objectifs de chiffre d&rsquo;affaires et d&eacute;passe les attentes en mati&egrave;re de r&eacute;sultat op&eacute;rationnel non-IFRS et de flux de tr&eacute;sorerie disponible pour l&rsquo;exercice 2025.</span></li><li><span>Le carnet de commandes cloud total augmente de 22 % pour atteindre 77,29 milliards d&rsquo;euros, et de 30 % &agrave; taux de change constants.</span></li><li><span>Le carnet de commandes cloud actuel progresse de 16 % &agrave; 21,05 milliards d&rsquo;euros, soit une croissance de 25 % &agrave; taux de change constants.</span></li><li><span>Le chiffre d&rsquo;affaires cloud augmente de 23 % pour atteindre 21,02 milliards d&rsquo;euros, et de 26 % &agrave; taux de change constants.</span></li><li><span>Le chiffre d&rsquo;affaires de la Cloud ERP Suite progresse de 28 %, et de 32 % &agrave; taux de change constants.</span></li><li><span>Le chiffre d&rsquo;affaires total s&rsquo;&eacute;l&egrave;ve &agrave; 36,8 milliards d&rsquo;euros, en hausse de 8 % et de 11 % &agrave; taux de change constants.</span></li><li><span>Le r&eacute;sultat op&eacute;rationnel IFRS augmente de 111 % pour atteindre 9,83 milliards d&rsquo;euros, tandis que le r&eacute;sultat op&eacute;rationnel non-IFRS progresse de 28 % et de 31 % &agrave; taux de change constants.</span></li><li><span>Le flux de tr&eacute;sorerie disponible augmente de 95 % pour atteindre 8,24 milliards d&rsquo;euros.</span></li></ul><p>Par ailleurs, SAP annonce un nouveau programme de rachat d&rsquo;actions pouvant atteindre 10 milliards d&rsquo;euros, sur une dur&eacute;e de deux ans.</p><p>&nbsp;</p><h4 id=\"resultats-financiers-t4-2025\" >R&eacute;sultats financiers &ndash; T4 2025</h4><p>Les principaux r&eacute;sultats du quatri&egrave;me trimestre sont les suivants :</p><ul class=\"release-content-list release-content-list--bulleted release-content-list--align-inherit\"><li><span>Le chiffre d&rsquo;affaires cloud augmente de 19 % pour atteindre 5,61 milliards d&rsquo;euros, et de 26 % &agrave; taux de change constants.</span></li><li><span>Le chiffre d&rsquo;affaires de la Cloud ERP Suite progresse de 23 % pour atteindre 4,86 milliards d&rsquo;euros, et de 30 % &agrave; taux de change constants.</span></li><li><span>Le chiffre d&rsquo;affaires total s&rsquo;&eacute;l&egrave;ve &agrave; 9,68 milliards d&rsquo;euros, en hausse de 3 % et de 9 % &agrave; taux de change constants.</span></li><li><span>Les revenus issus des licences logicielles diminuent de 34 %, refl&eacute;tant la transition continue vers le cloud.</span></li><li><span>La part des revenus pr&eacute;visibles atteint 84 %, soit une augmentation de trois points de pourcentage.</span></li><li><span>La marge op&eacute;rationnelle non-IFRS s&rsquo;&eacute;tablit &agrave; 29,2 %, en am&eacute;lioration de 3,2 points de pourcentage par rapport au T4 2024.</span></li></ul><p>&nbsp;</p><h4 id=\"perspectives-2026\" >Perspectives 2026</h4><p>Pour 2026, SAP pr&eacute;voit :</p><ul class=\"release-content-list release-content-list--bulleted release-content-list--align-inherit\"><li><span>Un chiffre d&rsquo;affaires cloud compris entre 25,8 et 26,2 milliards d&rsquo;euros &agrave; taux de change constants.</span></li><li><span>Un r&eacute;sultat op&eacute;rationnel non-IFRS compris entre 11,9 et 12,3 milliards d&rsquo;euros &agrave; taux de change constants.</span></li><li><span>Un flux de tr&eacute;sorerie disponible d&rsquo;environ 10 milliards d&rsquo;euros.</span></li><li><span>Une croissance du chiffre d&rsquo;affaires &agrave; taux de change constants qui s&rsquo;acc&eacute;l&egrave;re &agrave; l&rsquo;horizon 2027.</span></li></ul><p>&nbsp;</p><h4 id=\"forte-croissance-du-cloud-et-role-croissant-de-la-business-ai\" >Forte croissance du cloud et r&ocirc;le croissant de la Business AI</h4><blockquote><strong>Christian Klein, CEO de SAP</strong>, d&eacute;clare : <em>&laquo; Le quatri&egrave;me trimestre a &eacute;t&eacute; un trimestre cloud solide, avec des prises de commandes ayant entra&icirc;n&eacute; une croissance de 30 % du carnet de commandes cloud total, atteignant un niveau record de 77 milliards d&rsquo;euros. La forte croissance du carnet de commandes cloud actuel au quatri&egrave;me trimestre constitue une base solide pour une acc&eacute;l&eacute;ration de la croissance du chiffre d&rsquo;affaires jusqu&rsquo;en 2027. SAP Business AI est devenue un moteur de croissance cl&eacute; et a &eacute;t&eacute; incluse dans pr&egrave;s de deux tiers de nos commandes cloud au T4, combin&eacute;e &agrave; une forte adoption de l&rsquo;IA au sein de la suite ERP. &raquo;</em></blockquote>\n    <figure\n        class=\"release-content-image release-content-image--contained release-content-image--align-center\"\n        data-component=\"image-zoom-popup\"\n        data-image-zoom-popup-selector=\".release-content-image__image\"\n        data-image-zoom-popup-i18n=\"data:application/json;base64,eyJEb3dubG9hZCI6IkRvd25sb2FkIn0=\"\n        data-image-zoom-popup-tracking-views-event=\"Story Image View\"\n        data-image-zoom-popup-tracking-download-event=\"Story Image Download\"\n        data-image-zoom-popup-placement=\"content\"\n    >\n        <div class=\"image-thumbnail-rollover\" style=\"width: 100%\">\n            <img\n                src=\"https://cdn.uc.assets.prezly.com/7c68e9fb-a842-4f1e-90b5-7e75866c360d/-/resize/1200x/-/format/auto/\"\n                                    srcset=\"https://cdn.uc.assets.prezly.com/7c68e9fb-a842-4f1e-90b5-7e75866c360d/-/resize/1200x/-/format/auto/ 1x, https://cdn.uc.assets.prezly.com/7c68e9fb-a842-4f1e-90b5-7e75866c360d/-/resize/2400x/-/format/auto/ 2x\"\n                                class=\"release-content-image__image image-thumbnail-rollover__image\"\n                data-description=\"&lt;strong&gt;Christian Klein, CEO de SAP&lt;/strong&gt;\"\n                id=\"image-7c68e9fb-a842-4f1e-90b5-7e75866c360d\"\n                data-id=\"7c68e9fb-a842-4f1e-90b5-7e75866c360d\"\n                data-original=\"https://cdn.uc.assets.prezly.com/7c68e9fb-a842-4f1e-90b5-7e75866c360d/-/inline/no/Christian+Klein_001.jpg\"\n                data-mfp-src=\"https://cdn.uc.assets.prezly.com/7c68e9fb-a842-4f1e-90b5-7e75866c360d/-/resize/1200x/-/format/auto/\"\n                alt=\"Christian Klein, CEO de SAP\"\n            />\n            <div class=\"image-thumbnail-rollover__caption\">\n                <svg class=\"icon icon-expand image-thumbnail-rollover__caption-icon\">\n                <use xlink:href=\"#icon-expand\"></use>\n            </svg>            </div>\n        </div>\n\n        <figcaption class=\"release-content-image__caption\"><strong>Christian Klein, CEO de SAP</strong></figcaption>\n    </figure>\n<blockquote><strong>Dominik Asam, CFO de SAP</strong>, ajoute : <em>&laquo; Nous avons cl&ocirc;tur&eacute; 2025 sur une note tr&egrave;s solide, avec un r&eacute;sultat op&eacute;rationnel et un flux de tr&eacute;sorerie disponible sup&eacute;rieurs &agrave; nos attentes. Cette performance refl&egrave;te une ex&eacute;cution rigoureuse, une discipline financi&egrave;re stricte et la confiance continue de nos clients dans SAP comme fondement de leur transformation num&eacute;rique. Notre croissance soutenue, bien sup&eacute;rieure &agrave; celle du march&eacute; dans le SaaS et le PaaS, ainsi que notre capacit&eacute; &agrave; traduire cette croissance en b&eacute;n&eacute;fices et en flux de tr&eacute;sorerie disponible, d&eacute;montrent que notre strat&eacute;gie continue de cr&eacute;er de la valeur de mani&egrave;re durable. &raquo;</em></blockquote>\n    <figure\n        class=\"release-content-image release-content-image--contained release-content-image--align-center\"\n        data-component=\"image-zoom-popup\"\n        data-image-zoom-popup-selector=\".release-content-image__image\"\n        data-image-zoom-popup-i18n=\"data:application/json;base64,eyJEb3dubG9hZCI6IkRvd25sb2FkIn0=\"\n        data-image-zoom-popup-tracking-views-event=\"Story Image View\"\n        data-image-zoom-popup-tracking-download-event=\"Story Image Download\"\n        data-image-zoom-popup-placement=\"content\"\n    >\n        <div class=\"image-thumbnail-rollover\" style=\"width: 100%\">\n            <img\n                src=\"https://cdn.uc.assets.prezly.com/d08f6e08-4cb7-4c91-8adb-c17289dff7e7/-/resize/1200x/-/format/auto/\"\n                                    srcset=\"https://cdn.uc.assets.prezly.com/d08f6e08-4cb7-4c91-8adb-c17289dff7e7/-/resize/1200x/-/format/auto/ 1x, https://cdn.uc.assets.prezly.com/d08f6e08-4cb7-4c91-8adb-c17289dff7e7/-/resize/2400x/-/format/auto/ 2x\"\n                                class=\"release-content-image__image image-thumbnail-rollover__image\"\n                data-description=\"&lt;strong&gt;Dominik Asam, CFO de SAP&lt;/strong&gt;\"\n                id=\"image-d08f6e08-4cb7-4c91-8adb-c17289dff7e7\"\n                data-id=\"d08f6e08-4cb7-4c91-8adb-c17289dff7e7\"\n                data-original=\"https://cdn.uc.assets.prezly.com/d08f6e08-4cb7-4c91-8adb-c17289dff7e7/-/inline/no/Asam001.jpg\"\n                data-mfp-src=\"https://cdn.uc.assets.prezly.com/d08f6e08-4cb7-4c91-8adb-c17289dff7e7/-/resize/1200x/-/format/auto/\"\n                alt=\"Dominik Asam, CFO de SAP\"\n            />\n            <div class=\"image-thumbnail-rollover__caption\">\n                <svg class=\"icon icon-expand image-thumbnail-rollover__caption-icon\">\n                <use xlink:href=\"#icon-expand\"></use>\n            </svg>            </div>\n        </div>\n\n        <figcaption class=\"release-content-image__caption\"><strong>Dominik Asam, CFO de SAP</strong></figcaption>\n    </figure>\n<p><sup><strong>&Agrave; propos de SAP</strong></sup><sup><br>\u200bEn tant que leader mondial des applications d&#039;entreprise et de l&#039;IA commerciale, SAP (NYSE : SAP) est le lien entre les entreprises et la technologie. Depuis plus de 50 ans, les organisations font confiance &agrave; SAP pour tirer le meilleur parti d&#039;elles-m&ecirc;mes. SAP relie les processus critiques de l&#039;entreprise dans des domaines tels que les finances, les achats, les ressources humaines, la cha&icirc;ne d&#039;approvisionnement et l&#039;exp&eacute;rience client.<br>\u200b<br>\u200bPour plus d&#039;informations, rendez-vous sur </sup><a href=\"https://www.sap.com/netherlands/index.html\"><sup>www.sap.com/netherlands/index.html</sup></a><sup><br>\u200b<br>\u200b</sup><sup><strong>Note &agrave; la r&eacute;daction :</strong></sup><sup><br>\u200bPour obtenir des images d&#039;archives et des photos de presse, rendez-vous sur </sup><a href=\"https://www.sap.com/photos.\"><sup>www.sap.com/photos.</sup></a><sup><br>\u200b<br>\u200b</sup><sup><strong>Pour plus d&#039;informations :</strong></sup><sup><br>\u200bPatricia Bueters<br>\u200b+31 (0)6 - 11513823 <br>\u200b</sup><a href=\"https://patricia.bueters\"><sup>patricia.bueters</sup></a><sup>@</sup><a href=\"https://sap.com\"><sup>sap.com</sup></a></p>",
    "mainvisual": {
        "thumbnail": "https://cdn.uc.assets.prezly.com/7c68e9fb-a842-4f1e-90b5-7e75866c360d/-/scale_crop/250x250/center/-/format/auto/",
        "large": "https://cdn.uc.assets.prezly.com/7c68e9fb-a842-4f1e-90b5-7e75866c360d/-/preview/500x500/-/format/auto/",
        "original": "https://cdn.uc.assets.prezly.com/7c68e9fb-a842-4f1e-90b5-7e75866c360d/"
    },
    "images": [
        {
            "caption": "Christian Klein, CEO de SAP",
            "original": "https://cdn.uc.assets.prezly.com/7c68e9fb-a842-4f1e-90b5-7e75866c360d/",
            "medium": "https://cdn.uc.assets.prezly.com/7c68e9fb-a842-4f1e-90b5-7e75866c360d/-/preview/500x500/-/format/auto/",
            "small": "https://cdn.uc.assets.prezly.com/7c68e9fb-a842-4f1e-90b5-7e75866c360d/-/preview/200x200/-/format/auto/",
            "thumbnail": "https://cdn.uc.assets.prezly.com/7c68e9fb-a842-4f1e-90b5-7e75866c360d/-/preview/100x100/-/format/auto/",
            "square": "https://cdn.uc.assets.prezly.com/7c68e9fb-a842-4f1e-90b5-7e75866c360d/-/scale_crop/200x200/center/-/format/auto/",
            "squaresmall": "https://cdn.uc.assets.prezly.com/7c68e9fb-a842-4f1e-90b5-7e75866c360d/-/scale_crop/58x58/center/-/format/auto/"
        },
        {
            "caption": "Dominik Asam, CFO de SAP",
            "original": "https://cdn.uc.assets.prezly.com/d08f6e08-4cb7-4c91-8adb-c17289dff7e7/",
            "medium": "https://cdn.uc.assets.prezly.com/d08f6e08-4cb7-4c91-8adb-c17289dff7e7/-/preview/500x500/-/format/auto/",
            "small": "https://cdn.uc.assets.prezly.com/d08f6e08-4cb7-4c91-8adb-c17289dff7e7/-/preview/200x200/-/format/auto/",
            "thumbnail": "https://cdn.uc.assets.prezly.com/d08f6e08-4cb7-4c91-8adb-c17289dff7e7/-/preview/100x100/-/format/auto/",
            "square": "https://cdn.uc.assets.prezly.com/d08f6e08-4cb7-4c91-8adb-c17289dff7e7/-/scale_crop/200x200/center/-/format/auto/",
            "squaresmall": "https://cdn.uc.assets.prezly.com/d08f6e08-4cb7-4c91-8adb-c17289dff7e7/-/scale_crop/58x58/center/-/format/auto/"
        }
    ],
    "author": {
        "first_name": "Coverage",
        "last_name": "Integration"
    },
    "format_version": 5
}