{
    "title": "SAP : l'IA oblige les RH \u00e0 repenser leur travail",
    "modified_at": "2026-04-29 09:30:03",
    "published_at": "2026-04-29 09:30:00",
    "url": "https://sap-belux.prezly.com/sap-lia-oblige-les-rh-a-repenser-leur-travail",
    "short_url": "http://prez.ly/GSDd",
    "culture": "fr_BE",
    "language": "FR",
    "subtitle": "Ceux qui ne s'int\u00e9ressent qu'\u00e0 l'efficacit\u00e9 passent \u00e0 c\u00f4t\u00e9 de l'impact de l'IA sur la charge de travail, les talents et l'exp\u00e9rience des employ\u00e9s",
    "slug": "sap-lia-oblige-les-rh-a-repenser-leur-travail",
    "body": "<p><strong>Lorsque l&#039;IA prend en charge les t&acirc;ches simples, ce sont souvent les t&acirc;ches plus complexes qui restent &agrave; accomplir. Les organisations qui ne s&#039;adaptent pas &agrave; cette &eacute;volution risquent de voir la charge de travail s&#039;alourdir, tandis que l&#039;afflux de nouveaux talents se trouve compromis. Selon Maryann Abbajay, directrice des recettes chez </strong><a href=\"https://www.sap.com/belgique/products/hcm/about-successfactors.htmlhttps://www.sap.com/belgie/products/hcm/about-successfactors.html\" target=\"_blank\" rel=\"noreferrer noopener\"><u><strong>SAP SuccessFactors,</strong></u></a><strong> cet impact de l&#039;IA sur l&#039;organisation du travail ne fait pas l&#039;objet d&#039;une attention suffisante.</strong></p><p style=\"text-align: left\">Lors du salon HR Connect 2026 &agrave; Maarssen, elle a averti que les organisations consid&egrave;rent encore trop souvent l&#039;IA comme un simple projet technologique, alors qu&#039;elle touche directement &agrave; l&#039;organisation du travail. \u200b </p><blockquote style=\"text-align: left\"><em>&laquo; La plupart des fonctions consistent en un m&eacute;lange de t&acirc;ches routini&egrave;res et de t&acirc;ches plus strat&eacute;giques. L&#039;objectif est que l&#039;IA prenne en charge une grande partie de ces t&acirc;ches routini&egrave;res, afin que les personnes puissent se concentrer davantage sur le travail strat&eacute;gique. &raquo;</em> \u200b </blockquote><p style=\"text-align: left\">Mais c&#039;est pr&eacute;cis&eacute;ment pour cette raison que les t&acirc;ches restantes deviennent souvent plus lourdes. TNO <a href=\"https://www.rivm.nl/nieuws/-ai-als-kans-en-risico-voor-arbeidsomstandigheden\" target=\"_blank\" rel=\"noreferrer noopener\"><u>souligne &eacute;galement</u></a> que l&#039;IA g&eacute;n&eacute;rative, outre les gains de productivit&eacute;, peut entra&icirc;ner une charge mentale plus importante et une pression cognitive accrue au travail.</p>\n    <figure\n        class=\"release-content-image release-content-image--contained release-content-image--align-center\"\n        data-component=\"image-zoom-popup\"\n        data-image-zoom-popup-selector=\".release-content-image__image\"\n        data-image-zoom-popup-i18n=\"data:application/json;base64,eyJEb3dubG9hZCI6IkRvd25sb2FkIn0=\"\n        data-image-zoom-popup-tracking-views-event=\"Story Image View\"\n        data-image-zoom-popup-tracking-download-event=\"Story Image Download\"\n        data-image-zoom-popup-placement=\"content\"\n    >\n        <div class=\"image-thumbnail-rollover\" style=\"width: 100%\">\n            <img\n                src=\"https://cdn.uc.assets.prezly.com/2dedb3b7-ed85-4390-94d0-33e5cc0b6d24/-/resize/1200x/-/format/auto/\"\n                                class=\"release-content-image__image image-thumbnail-rollover__image\"\n                data-description=\"\"\n                id=\"image-2dedb3b7-ed85-4390-94d0-33e5cc0b6d24\"\n                data-id=\"2dedb3b7-ed85-4390-94d0-33e5cc0b6d24\"\n                data-original=\"https://cdn.uc.assets.prezly.com/2dedb3b7-ed85-4390-94d0-33e5cc0b6d24/-/inline/no/SAP+-+Maryann+Abbajay+1.jpg\"\n                data-mfp-src=\"https://cdn.uc.assets.prezly.com/2dedb3b7-ed85-4390-94d0-33e5cc0b6d24/-/resize/1200x/-/format/auto/\"\n                alt=\"Story image\"\n            />\n            <div class=\"image-thumbnail-rollover__caption\">\n                <svg class=\"icon icon-expand image-thumbnail-rollover__caption-icon\">\n                <use xlink:href=\"#icon-expand\"></use>\n            </svg>            </div>\n        </div>\n\n        <figcaption class=\"release-content-image__caption\"></figcaption>\n    </figure>\n<h4 id=\"repenser-ce-qui-semble-aller-de-soi\" style=\"text-align: left\">Repenser ce qui semble aller de soi </h4><p style=\"text-align: left\">Abbajay qualifie cela de pr&eacute;occupation l&eacute;gitime. </p><blockquote style=\"text-align: left\"><em>&laquo; Nous devrons vraiment repenser notre fa&ccedil;on de travailler. &Agrave; terme, cela impliquera peut-&ecirc;tre m&ecirc;me de revoir la structure de la semaine de travail. Nous devons remettre en question beaucoup de choses que nous avons longtemps consid&eacute;r&eacute;es comme allant de soi. &raquo; </em></blockquote><p style=\"text-align: left\">Cela touche aussi directement &agrave; la mani&egrave;re dont les organisations accueillent les nouveaux talents. Beaucoup de d&eacute;butants commencent justement par des t&acirc;ches routini&egrave;res, apprennent ainsi le m&eacute;tier et acqui&egrave;rent de l&rsquo;exp&eacute;rience &agrave; partir de l&agrave;. Si l&rsquo;IA prend le relais pour ces t&acirc;ches, un nouveau probl&egrave;me se pose. <em>&laquo; Comment attirer les jeunes issus de l&rsquo;universit&eacute; ou de l&rsquo;enseignement sup&eacute;rieur ? Que leur donner &agrave; faire si toutes ces t&acirc;ches qu&rsquo;ils assument normalement disparaissent ? &raquo;</em> </p><p style=\"text-align: left\">&nbsp;</p><h4 id=\"une-production-accrue-nest-pas-automatiquement-synonyme-de-valeur-ajoutee\" style=\"text-align: left\">Une production accrue n&#039;est pas automatiquement synonyme de valeur ajout&eacute;e </h4><p style=\"text-align: left\">Selon Abbajay, un deuxi&egrave;me risque r&eacute;side dans la mani&egrave;re dont les organisations d&eacute;ploient l&#039;IA. Une production accrue ou un volume d&#039;informations plus important ne sont pas automatiquement synonymes d&#039;am&eacute;lioration. Si les informations ne sont pas pr&eacute;sent&eacute;es de mani&egrave;re ad&eacute;quate ou si elles submergent les employ&eacute;s, l&#039;IA peut au contraire g&eacute;n&eacute;rer une pression suppl&eacute;mentaire au lieu d&#039;apporter un soulagement. <em>&laquo; L&#039;IA permet d&#039;obtenir soudainement beaucoup plus d&#039;informations. Mais si celles-ci ne sont pas pr&eacute;sent&eacute;es de mani&egrave;re intelligente et ne d&eacute;bouchent pas sur de meilleures informations, elles ne servent pas &agrave; grand-chose. Pire encore : cela peut au contraire g&eacute;n&eacute;rer un stress suppl&eacute;mentaire. &raquo;</em> </p><p style=\"text-align: left\">C&rsquo;est pr&eacute;cis&eacute;ment pour cette raison que les organisations doivent parfois ralentir d&eacute;lib&eacute;r&eacute;ment, dit-elle. Surtout lorsque la technologie est mise en place plus rapidement que l&rsquo;organisation ne peut le supporter. <em>&laquo; Parfois, un PDG revient d&rsquo;une conf&eacute;rence et dit : nous devons faire quelque chose avec l&rsquo;IA. Mais il faut la mettre en &oelig;uvre de mani&egrave;re responsable. &raquo;</em> Selon elle, cela va au-del&agrave; de la simple technologie. L&rsquo;engagement des employ&eacute;s, la communication et la mani&egrave;re dont le travail &eacute;volue doivent &eacute;galement &ecirc;tre pris en compte d&egrave;s le d&eacute;but. </p><p>&nbsp;</p><h4 id=\"les-rh-jouent-un-role-determinant-dans-la-maniere-dont-lia-simplante-sur-le-lieu-de-travail\" style=\"text-align: left\">Les RH jouent un r&ocirc;le d&eacute;terminant dans la mani&egrave;re dont l&#039;IA s&#039;implante sur le lieu de travail </h4><p style=\"text-align: left\">Les RH occupent ainsi une place de plus en plus importante. Selon Abbajay, cette fonction a pris une dimension plus strat&eacute;gique depuis la p&eacute;riode de la pand&eacute;mie. &Agrave; cette &eacute;poque, les dirigeants ont soudainement voulu savoir combien de personnes ils employaient, o&ugrave; elles travaillaient, quelles &eacute;taient leurs comp&eacute;tences et si le travail &agrave; distance pouvait se poursuivre. <em>&laquo; Les PDG ont soudainement commenc&eacute; &agrave; appeler directement le directeur des ressources humaines. La gestion des effectifs est soudainement devenue une fonction critique. &raquo; </em></p><p style=\"text-align: left\">&Agrave; l&rsquo;&egrave;re de l&rsquo;IA, ce r&ocirc;le ne fait que gagner en importance. Les RH doivent non seulement num&eacute;riser les processus, mais aussi aider &agrave; d&eacute;terminer comment le travail est redistribu&eacute;, quelles comp&eacute;tences sont n&eacute;cessaires et o&ugrave; le contr&ocirc;le humain reste indispensable. C&rsquo;est le cas, par exemple, du recrutement, o&ugrave; l&rsquo;IA peut rapidement faire la diff&eacute;rence, mais o&ugrave; les biais guettent &eacute;galement. <em>&laquo; Il faut toujours maintenir un contr&ocirc;le humain l&agrave;-dessus, pour &ecirc;tre s&ucirc;r que tout se passe bien. &raquo; </em></p>\n    <figure\n        class=\"release-content-image release-content-image--contained release-content-image--align-center\"\n        data-component=\"image-zoom-popup\"\n        data-image-zoom-popup-selector=\".release-content-image__image\"\n        data-image-zoom-popup-i18n=\"data:application/json;base64,eyJEb3dubG9hZCI6IkRvd25sb2FkIn0=\"\n        data-image-zoom-popup-tracking-views-event=\"Story Image View\"\n        data-image-zoom-popup-tracking-download-event=\"Story Image Download\"\n        data-image-zoom-popup-placement=\"content\"\n    >\n        <div class=\"image-thumbnail-rollover\" style=\"width: 100%\">\n            <img\n                src=\"https://cdn.uc.assets.prezly.com/d5a8e58e-95d0-4291-8977-1caca6849a8e/-/resize/1200x/-/format/auto/\"\n                                class=\"release-content-image__image image-thumbnail-rollover__image\"\n                data-description=\"\"\n                id=\"image-d5a8e58e-95d0-4291-8977-1caca6849a8e\"\n                data-id=\"d5a8e58e-95d0-4291-8977-1caca6849a8e\"\n                data-original=\"https://cdn.uc.assets.prezly.com/d5a8e58e-95d0-4291-8977-1caca6849a8e/-/inline/no/SAP+-+Maryann+Abbajay+2.jpg\"\n                data-mfp-src=\"https://cdn.uc.assets.prezly.com/d5a8e58e-95d0-4291-8977-1caca6849a8e/-/resize/1200x/-/format/auto/\"\n                alt=\"Story image\"\n            />\n            <div class=\"image-thumbnail-rollover__caption\">\n                <svg class=\"icon icon-expand image-thumbnail-rollover__caption-icon\">\n                <use xlink:href=\"#icon-expand\"></use>\n            </svg>            </div>\n        </div>\n\n        <figcaption class=\"release-content-image__caption\"></figcaption>\n    </figure>\n<p style=\"text-align: left\">Une technologie telle que SAP SuccessFactors peut y contribuer, explique Abbajay. Non seulement pour soutenir les processus RH, mais aussi pour donner aux collaborateurs davantage de contr&ocirc;le sur leur propre carri&egrave;re. Les parcours professionnels deviennent moins lin&eacute;aires et les &eacute;volutions lat&eacute;rales gagnent en importance. <em>&laquo; Les collaborateurs g&egrave;rent de plus en plus leur carri&egrave;re eux-m&ecirc;mes. Il faut donc un syst&egrave;me qui soutienne ces choix. &raquo;</em> Cela n&eacute;cessite une meilleure compr&eacute;hension des comp&eacute;tences, des ambitions et de la mobilit&eacute;. </p><p style=\"text-align: left\">&nbsp;</p><h4 id=\"les-competences-en-ia-deviennent-un-nouveau-facteur-de-differenciation\" style=\"text-align: left\">Les comp&eacute;tences en IA deviennent un nouveau facteur de diff&eacute;renciation </h4><p style=\"text-align: left\">Selon Abbajay, l&#039;IA marquera de plus en plus la diff&eacute;rence entre les employ&eacute;s qui s&#039;approprient cette nouvelle fa&ccedil;on de travailler et ceux qui restent &agrave; la tra&icirc;ne. La formulation de requ&ecirc;tes, le travail avec des agents et la compr&eacute;hension du fonctionnement des outils d&#039;IA prennent de plus en plus d&#039;importance sur le march&eacute; du travail. C&#039;est pourquoi SAP investit elle-m&ecirc;me dans des formations ax&eacute;es sur les comp&eacute;tences en IA. </p><p style=\"text-align: left\">Son conseil aux jeunes professionnels est clair : commencez d&egrave;s maintenant. Dans le m&ecirc;me temps, Abbajay constate que l&#039;IA suscite &eacute;galement de l&#039;inqui&eacute;tude chez de nombreux professionnels des RH. La crainte est souvent qu&#039;il y ait moins besoin de personnel RH. Elle voit pourtant les choses diff&eacute;remment. <em>&laquo; Je vois plut&ocirc;t l&#039;inverse. Je pense qu&#039;ils pourront se consacrer davantage au travail int&eacute;ressant et strat&eacute;gique, plut&ocirc;t qu&#039;&agrave; toutes les t&acirc;ches routini&egrave;res qu&#039;ils effectuent encore aujourd&#039;hui parce qu&#039;il n&#039;y avait pas encore d&#039;IA pour les prendre en charge. &raquo;</em> </p><p style=\"text-align: left\">&nbsp;</p><h4 id=\"loptimisme-ne-signifie-pas-se-reposer-sur-ses-lauriers\" style=\"text-align: left\">L&#039;optimisme ne signifie pas se reposer sur ses lauriers </h4><p style=\"text-align: left\">Selon elle, cette vision optimiste ne signifie pas que les organisations peuvent se reposer sur leurs lauriers. La v&eacute;ritable question n&#039;est plus seulement de savoir ce que l&#039;IA peut automatiser, mais ce que cela implique pour la qualit&eacute; du travail, pour les personnes qui l&#039;effectuent et pour la mani&egrave;re dont les organisations attirent et fid&eacute;lisent les talents. <em>&laquo; Nous savons que les choses vont changer. Mais je pense que ce changement peut avoir des effets positifs, si nous parvenons &agrave; surmonter la peur qui r&egrave;gne actuellement sur le march&eacute;. &raquo;</em> </p><p>&nbsp;</p><p style=\"text-align: left\"><sup><strong>&Agrave; propos de SAP</strong></sup></p><p style=\"text-align: left\"><sup>\u200bEn tant que leader mondial des applications d&#039;entreprise et de l&#039;IA commerciale, SAP (NYSE : SAP) est le lien entre les entreprises et la technologie. Depuis plus de 50 ans, les organisations font confiance &agrave; SAP pour tirer le meilleur parti d&#039;elles-m&ecirc;mes. SAP relie les processus critiques de l&#039;entreprise dans des domaines tels que les finances, les achats, les ressources humaines, la cha&icirc;ne d&#039;approvisionnement et l&#039;exp&eacute;rience client.</sup></p><p style=\"text-align: left\"><sup>\u200bPour plus d&#039;informations, rendez-vous sur </sup><a href=\"https://www.sap.com/netherlands/index.html\" target=\"_blank\" rel=\"noreferrer noopener\"><sup><strong>www.sap.com/netherlands/index.html</strong></sup></a></p><p style=\"text-align: left\"><sup>\u200b</sup><sup><strong>Note &agrave; la r&eacute;daction :</strong></sup></p><p style=\"text-align: left\"><sup>\u200bPour obtenir des images d&#039;archives et des photos de presse, rendez-vous sur </sup><a href=\"https://www.sap.com/photos.\" target=\"_blank\" rel=\"noreferrer noopener\"><sup><strong>www.sap.com/photos.</strong></sup></a></p><p style=\"text-align: left\"><sup>\u200b</sup><sup><strong>Pour plus d&#039;informations :</strong></sup></p><p style=\"text-align: left\"><sup>\u200bPatricia Bueters</sup></p><p style=\"text-align: left\"><sup>\u200b+31 (0)6 - 11513823 \u200b</sup></p><p style=\"text-align: left\"><sup>\u200b</sup><a href=\"https://patricia.bueters/\" target=\"_blank\" rel=\"noreferrer noopener\"><sup><strong>patricia.bueters</strong></sup></a><sup>@</sup><a href=\"https://sap.com/\" target=\"_blank\" rel=\"noreferrer noopener\"><sup><strong>sap.com</strong></sup></a></p><p>&nbsp;</p><div class=\"release-content-contact\" id=\"contact-6249b58d-a8d2-4779-aa85-75e410f0612b\">\n    <div class=\"release-content-contact__avatar\"><img src=\"https://cdn.uc.assets.prezly.com/db05e0c6-c874-4b67-a547-c4a501141a3b/-/crop/1536x1536/0,256/-/preview/-/scale_crop/128x128/center/-/format/auto/\" alt=\"Tom Weekers\" class=\"release-content-contact__avatar-image\" /></div>\n    <div class=\"release-content-contact__details\">\n        <strong class=\"release-content-contact__name\">Tom Weekers</strong>\n        <em class=\"release-content-contact__description\">PR consultant, Evoke/BPG</em>\n        <ul class=\"release-content-contact__details-list\"><li class=\"release-content-contact__details-list-item\"><a href=\"mailto:tom.weekers@mediafin.digital\"  class=\"release-content-contact__details-list-item-link\" title=\"tom.weekers@mediafin.digital\"><svg class=\"icon icon-paper-plane release-content-contact__details-list-item-icon\">\n                <use xlink:href=\"#icon-paper-plane\"></use>\n            </svg>tom.weekers@mediafin.digital</a></li>\n<li class=\"release-content-contact__details-list-item\"><a href=\"tel:0032476042163\"  class=\"release-content-contact__details-list-item-link\" title=\"0032476042163\"><svg class=\"icon icon-phone release-content-contact__details-list-item-icon\">\n                <use xlink:href=\"#icon-phone\"></use>\n            </svg>0032476042163</a></li></ul>\n    </div>\n</div>",
    "mainvisual": {
        "thumbnail": "https://cdn.uc.assets.prezly.com/2dedb3b7-ed85-4390-94d0-33e5cc0b6d24/-/scale_crop/250x250/center/-/format/auto/",
        "large": "https://cdn.uc.assets.prezly.com/2dedb3b7-ed85-4390-94d0-33e5cc0b6d24/-/preview/500x500/-/format/auto/",
        "original": "https://cdn.uc.assets.prezly.com/2dedb3b7-ed85-4390-94d0-33e5cc0b6d24/"
    },
    "images": [
        {
            "caption": "",
            "original": "https://cdn.uc.assets.prezly.com/2dedb3b7-ed85-4390-94d0-33e5cc0b6d24/",
            "medium": "https://cdn.uc.assets.prezly.com/2dedb3b7-ed85-4390-94d0-33e5cc0b6d24/-/preview/500x500/-/format/auto/",
            "small": "https://cdn.uc.assets.prezly.com/2dedb3b7-ed85-4390-94d0-33e5cc0b6d24/-/preview/200x200/-/format/auto/",
            "thumbnail": "https://cdn.uc.assets.prezly.com/2dedb3b7-ed85-4390-94d0-33e5cc0b6d24/-/preview/100x100/-/format/auto/",
            "square": "https://cdn.uc.assets.prezly.com/2dedb3b7-ed85-4390-94d0-33e5cc0b6d24/-/scale_crop/200x200/center/-/format/auto/",
            "squaresmall": "https://cdn.uc.assets.prezly.com/2dedb3b7-ed85-4390-94d0-33e5cc0b6d24/-/scale_crop/58x58/center/-/format/auto/"
        },
        {
            "caption": "",
            "original": "https://cdn.uc.assets.prezly.com/d5a8e58e-95d0-4291-8977-1caca6849a8e/",
            "medium": "https://cdn.uc.assets.prezly.com/d5a8e58e-95d0-4291-8977-1caca6849a8e/-/preview/500x500/-/format/auto/",
            "small": "https://cdn.uc.assets.prezly.com/d5a8e58e-95d0-4291-8977-1caca6849a8e/-/preview/200x200/-/format/auto/",
            "thumbnail": "https://cdn.uc.assets.prezly.com/d5a8e58e-95d0-4291-8977-1caca6849a8e/-/preview/100x100/-/format/auto/",
            "square": "https://cdn.uc.assets.prezly.com/d5a8e58e-95d0-4291-8977-1caca6849a8e/-/scale_crop/200x200/center/-/format/auto/",
            "squaresmall": "https://cdn.uc.assets.prezly.com/d5a8e58e-95d0-4291-8977-1caca6849a8e/-/scale_crop/58x58/center/-/format/auto/"
        }
    ],
    "contacts": [
        {
            "name": "Tom Weekers",
            "company": "Evoke/BPG",
            "description": "PR consultant",
            "email": "tom.weekers@mediafin.digital",
            "website": null,
            "address": null,
            "telephone": "0032476042163",
            "mobile": null,
            "twitter": null,
            "facebook": null
        }
    ],
    "author": {
        "first_name": "Corneel",
        "last_name": "Haine"
    },
    "format_version": 5
}