{
    "title": "Les Hautes Autorit\u00e9s de l'\u00c9tat modernisent leur syst\u00e8me financier avec SAP S/4HANA",
    "modified_at": "2026-04-28 09:29:35",
    "published_at": "2026-04-28 09:29:00",
    "url": "https://sap-belux.prezly.com/les-hautes-autorites-de-letat-modernisent-leur-systeme-financier-avec-sap-s4hana",
    "short_url": "http://prez.ly/3PDd",
    "culture": "fr_BE",
    "language": "FR",
    "subtitle": "Des responsabilit\u00e9s clairement d\u00e9finies et une gestion simple comme principe de base",
    "slug": "les-hautes-autorites-de-letat-modernisent-leur-systeme-financier-avec-sap-s4hana",
    "body": "<p><strong>Bruxelles, le 28 avril 2026 - Les Hautes Autorit&eacute;s de l&#039;&Eacute;tat modernisent leur syst&egrave;me financier sur la base de </strong><a href=\"https://www.sap.com/belgique/products/erp/s4hana.html\" target=\"_blank\" rel=\"noreferrer noopener\"><u><strong>SAP S/4HANA.</strong></u></a><strong> </strong><a href=\"https://iqibt.nl/\" target=\"_blank\" rel=\"noreferrer noopener\"><u><strong>iQibt</strong></u></a><strong> intervient en tant que fournisseur de services g&eacute;r&eacute;s et fait office de point de contact central pour les institutions concern&eacute;es. Le contrat, d&#039;une dur&eacute;e de dix ans, a &eacute;t&eacute; d&eacute;finitivement conclu le 7 janvier 2026. La Chambre des repr&eacute;sentants, la Chambre haute, le Conseil d&#039;&Eacute;tat, la Cour des comptes et le M&eacute;diateur national participent au projet. Un an est pr&eacute;vu pour la mise en &oelig;uvre. </strong></p><p style=\"text-align: left\">L&#039;environnement informatique financier des Hautes Institutions de l&#039;&Eacute;tat est le fruit d&#039;une collaboration de longue date. Parall&egrave;lement, le contexte dans lequel ces organisations op&egrave;rent est en constante &eacute;volution : la l&eacute;gislation et la r&eacute;glementation, les exigences en mati&egrave;re de gouvernance et les possibilit&eacute;s technologiques ne cessent de se d&eacute;velopper. </p><p style=\"text-align: left\">Afin de rester en phase avec ces &eacute;volutions, les institutions concern&eacute;es ont opt&eacute; pour une refonte de leur syst&egrave;me financier. Cette refonte repose sur une r&eacute;partition claire des responsabilit&eacute;s, soutenue par des technologies modernes et une d&eacute;pendance moindre vis-&agrave;-vis des solutions sur mesure et des composants obsol&egrave;tes. </p>\n    <figure\n        class=\"release-content-image release-content-image--contained release-content-image--align-center\"\n        data-component=\"image-zoom-popup\"\n        data-image-zoom-popup-selector=\".release-content-image__image\"\n        data-image-zoom-popup-i18n=\"data:application/json;base64,eyJEb3dubG9hZCI6IkRvd25sb2FkIn0=\"\n        data-image-zoom-popup-tracking-views-event=\"Story Image View\"\n        data-image-zoom-popup-tracking-download-event=\"Story Image Download\"\n        data-image-zoom-popup-placement=\"content\"\n    >\n        <div class=\"image-thumbnail-rollover\" style=\"width: 100%\">\n            <img\n                src=\"https://cdn.uc.assets.prezly.com/bc4fde31-bdb7-4dc8-b564-2b2ab554d31a/-/resize/1200x/-/format/auto/\"\n                                class=\"release-content-image__image image-thumbnail-rollover__image\"\n                data-description=\"\"\n                id=\"image-bc4fde31-bdb7-4dc8-b564-2b2ab554d31a\"\n                data-id=\"bc4fde31-bdb7-4dc8-b564-2b2ab554d31a\"\n                data-original=\"https://cdn.uc.assets.prezly.com/bc4fde31-bdb7-4dc8-b564-2b2ab554d31a/-/inline/no/SAP+Hoge+Colleges+van+Staat+1.jpg\"\n                data-mfp-src=\"https://cdn.uc.assets.prezly.com/bc4fde31-bdb7-4dc8-b564-2b2ab554d31a/-/resize/1200x/-/format/auto/\"\n                alt=\"Story image\"\n            />\n            <div class=\"image-thumbnail-rollover__caption\">\n                <svg class=\"icon icon-expand image-thumbnail-rollover__caption-icon\">\n                <use xlink:href=\"#icon-expand\"></use>\n            </svg>            </div>\n        </div>\n\n        <figcaption class=\"release-content-image__caption\"></figcaption>\n    </figure>\n<h4 id=\"la-normalisation-un-choix-delibere\" style=\"text-align: left\">La normalisation : un choix d&eacute;lib&eacute;r&eacute; </h4><p style=\"text-align: left\">Le choix s&#039;est port&eacute; sur SAP. Le c&oelig;ur du nouveau syst&egrave;me d&#039;information financi&egrave;re repose sur SAP S/4HANA, fourni sous forme de solution SaaS. La mise en place respecte des normes fixes et des directives applicables &agrave; l&#039;ensemble de l&#039;administration publique, notamment le GVKA. L&#039;objectif est d&#039;&eacute;viter autant que possible les personnalisations. </p><p style=\"text-align: left\">Le principe de base est la simplicit&eacute; : une seule plateforme technologique, avec pour chaque haute administration un environnement SAP distinct et logiquement s&eacute;par&eacute;. Cela permet aux organisations de travailler de mani&egrave;re autonome, tandis que la gestion et l&#039;architecture sous-jacente restent claires et transparentes. </p><p>&nbsp;</p><h4 id=\"les-bases-pour-les-annees-a-venir\" style=\"text-align: left\">Les bases pour les ann&eacute;es &agrave; venir </h4><p style=\"text-align: left\">L&#039;objectif n&#039;est pas seulement l&#039;innovation technique, mais surtout une fonction financi&egrave;re mieux adapt&eacute;e &agrave; la mani&egrave;re dont ces institutions publiques souhaitent fonctionner aujourd&#039;hui et demain. La migration est r&eacute;solument ax&eacute;e sur la s&eacute;r&eacute;nit&eacute; et la continuit&eacute;. Dans la mesure du possible, les processus financiers existants sont transf&eacute;r&eacute;s tels quels depuis l&#039;environnement Oracle actuel. Cela limite l&#039;impact pour les utilisateurs et permet aux activit&eacute;s quotidiennes de se poursuivre normalement. </p>\n    <figure\n        class=\"release-content-image release-content-image--contained release-content-image--align-center\"\n        data-component=\"image-zoom-popup\"\n        data-image-zoom-popup-selector=\".release-content-image__image\"\n        data-image-zoom-popup-i18n=\"data:application/json;base64,eyJEb3dubG9hZCI6IkRvd25sb2FkIn0=\"\n        data-image-zoom-popup-tracking-views-event=\"Story Image View\"\n        data-image-zoom-popup-tracking-download-event=\"Story Image Download\"\n        data-image-zoom-popup-placement=\"content\"\n    >\n        <div class=\"image-thumbnail-rollover\" style=\"width: 100%\">\n            <img\n                src=\"https://cdn.uc.assets.prezly.com/c7f47738-bb2f-4420-9068-c6bc067e7bcd/-/resize/1200x/-/format/auto/\"\n                                class=\"release-content-image__image image-thumbnail-rollover__image\"\n                data-description=\"\"\n                id=\"image-c7f47738-bb2f-4420-9068-c6bc067e7bcd\"\n                data-id=\"c7f47738-bb2f-4420-9068-c6bc067e7bcd\"\n                data-original=\"https://cdn.uc.assets.prezly.com/c7f47738-bb2f-4420-9068-c6bc067e7bcd/-/inline/no/SAP+Hoge+Colleges+van+Staat+2.jpeg\"\n                data-mfp-src=\"https://cdn.uc.assets.prezly.com/c7f47738-bb2f-4420-9068-c6bc067e7bcd/-/resize/1200x/-/format/auto/\"\n                alt=\"Story image\"\n            />\n            <div class=\"image-thumbnail-rollover__caption\">\n                <svg class=\"icon icon-expand image-thumbnail-rollover__caption-icon\">\n                <use xlink:href=\"#icon-expand\"></use>\n            </svg>            </div>\n        </div>\n\n        <figcaption class=\"release-content-image__caption\"></figcaption>\n    </figure>\n<blockquote style=\"text-align: left\"><em>&laquo; Avec SAP, nous avons choisi un syst&egrave;me qui r&eacute;pond aux exigences &eacute;lev&eacute;es en mati&egrave;re de responsabilit&eacute;, de s&eacute;curit&eacute; et de tra&ccedil;abilit&eacute; &raquo;</em>, explique <strong>Richard Legierse, fondateur et associ&eacute; chez iQibt</strong>. <em>&laquo; C&#039;est donc une responsabilit&eacute; particuli&egrave;re que de pouvoir contribuer aux organisations qui jouent un r&ocirc;le si central dans notre soci&eacute;t&eacute;. &raquo;</em> </blockquote>\n    <figure\n        class=\"release-content-image release-content-image--contained release-content-image--align-center\"\n        data-component=\"image-zoom-popup\"\n        data-image-zoom-popup-selector=\".release-content-image__image\"\n        data-image-zoom-popup-i18n=\"data:application/json;base64,eyJEb3dubG9hZCI6IkRvd25sb2FkIn0=\"\n        data-image-zoom-popup-tracking-views-event=\"Story Image View\"\n        data-image-zoom-popup-tracking-download-event=\"Story Image Download\"\n        data-image-zoom-popup-placement=\"content\"\n    >\n        <div class=\"image-thumbnail-rollover\" style=\"width: 40.17%\">\n            <img\n                src=\"https://cdn.uc.assets.prezly.com/0e428cd3-388d-49a3-ac25-73cf2832ca99/-/resize/1200x/-/format/auto/\"\n                                class=\"release-content-image__image image-thumbnail-rollover__image\"\n                data-description=\"&lt;strong&gt;Bart Van der Biest, directeur g&amp;eacute;n&amp;eacute;ral de SAP Benelux&lt;/strong&gt;\"\n                id=\"image-0e428cd3-388d-49a3-ac25-73cf2832ca99\"\n                data-id=\"0e428cd3-388d-49a3-ac25-73cf2832ca99\"\n                data-original=\"https://cdn.uc.assets.prezly.com/0e428cd3-388d-49a3-ac25-73cf2832ca99/-/inline/no/Bart-Van-der-Biest.jpg\"\n                data-mfp-src=\"https://cdn.uc.assets.prezly.com/0e428cd3-388d-49a3-ac25-73cf2832ca99/-/resize/1200x/-/format/auto/\"\n                alt=\"Bart Van der Biest, directeur g\u00e9n\u00e9ral de SAP Benelux\"\n            />\n            <div class=\"image-thumbnail-rollover__caption\">\n                <svg class=\"icon icon-expand image-thumbnail-rollover__caption-icon\">\n                <use xlink:href=\"#icon-expand\"></use>\n            </svg>            </div>\n        </div>\n\n        <figcaption class=\"release-content-image__caption\"><strong>Bart Van der Biest, directeur g&eacute;n&eacute;ral de SAP Benelux</strong></figcaption>\n    </figure>\n<blockquote style=\"text-align: left\">Selon <strong>Bart Van der Biest, directeur g&eacute;n&eacute;ral de SAP Benelux</strong>, ce projet montre comment la technologie peut contribuer &agrave; la p&eacute;rennit&eacute; des processus cl&eacute;s des organismes publics. <em>&laquo; Les processus financiers constituent le fondement d&rsquo;une bonne gouvernance. Avec SAP S/4HANA, les Hautes Autorit&eacute;s de l&rsquo;&Eacute;tat optent pour une plateforme standardis&eacute;e et fiable qui aide &agrave; organiser clairement les responsabilit&eacute;s tout en restant agile face aux changements. &raquo; </em></blockquote><p>&nbsp;</p><p style=\"text-align: left\"><sup><strong>&Agrave; propos de SAP</strong></sup></p><p style=\"text-align: left\"><sup>\u200bEn tant que leader mondial des applications d&#039;entreprise et de l&#039;IA commerciale, SAP (NYSE : SAP) est le lien entre les entreprises et la technologie. Depuis plus de 50 ans, les organisations font confiance &agrave; SAP pour tirer le meilleur parti d&#039;elles-m&ecirc;mes. SAP relie les processus critiques de l&#039;entreprise dans des domaines tels que les finances, les achats, les ressources humaines, la cha&icirc;ne d&#039;approvisionnement et l&#039;exp&eacute;rience client.</sup></p><p style=\"text-align: left\"><sup>\u200bPour plus d&#039;informations, rendez-vous sur </sup><a href=\"https://www.sap.com/netherlands/index.html\" target=\"_blank\" rel=\"noreferrer noopener\"><sup><strong>www.sap.com/netherlands/index.html</strong></sup></a></p><p style=\"text-align: left\"><sup>\u200b</sup><sup><strong>Note &agrave; la r&eacute;daction :</strong></sup></p><p style=\"text-align: left\"><sup>\u200bPour obtenir des images d&#039;archives et des photos de presse, rendez-vous sur </sup><a href=\"https://www.sap.com/photos.\" target=\"_blank\" rel=\"noreferrer noopener\"><sup><strong>www.sap.com/photos.</strong></sup></a></p><p style=\"text-align: left\"><sup>\u200b</sup><sup><strong>Pour plus d&#039;informations :</strong></sup></p><p style=\"text-align: left\"><sup>\u200bPatricia Bueters</sup></p><p style=\"text-align: left\"><sup>\u200b+31 (0)6 - 11513823 \u200b</sup></p><p style=\"text-align: left\"><sup>\u200b</sup><a href=\"https://patricia.bueters/\" target=\"_blank\" rel=\"noreferrer noopener\"><sup><strong>patricia.bueters</strong></sup></a><sup>@</sup><a href=\"https://sap.com/\" target=\"_blank\" rel=\"noreferrer noopener\"><sup><strong>sap.com</strong></sup></a></p><p>&nbsp;</p><div class=\"release-content-contact\" id=\"contact-39c550fd-ba48-4086-87c8-c77f3d5fcae7\">\n    <div class=\"release-content-contact__avatar\"><img src=\"https://cdn.uc.assets.prezly.com/db05e0c6-c874-4b67-a547-c4a501141a3b/-/crop/1536x1536/0,256/-/preview/-/scale_crop/128x128/center/-/format/auto/\" alt=\"Tom Weekers\" class=\"release-content-contact__avatar-image\" /></div>\n    <div class=\"release-content-contact__details\">\n        <strong class=\"release-content-contact__name\">Tom Weekers</strong>\n        <em class=\"release-content-contact__description\">PR consultant, Evoke/BPG</em>\n        <ul class=\"release-content-contact__details-list\"><li class=\"release-content-contact__details-list-item\"><a href=\"mailto:tom.weekers@mediafin.digital\"  class=\"release-content-contact__details-list-item-link\" title=\"tom.weekers@mediafin.digital\"><svg class=\"icon icon-paper-plane release-content-contact__details-list-item-icon\">\n                <use xlink:href=\"#icon-paper-plane\"></use>\n            </svg>tom.weekers@mediafin.digital</a></li>\n<li class=\"release-content-contact__details-list-item\"><a href=\"tel:0032476042163\"  class=\"release-content-contact__details-list-item-link\" title=\"0032476042163\"><svg class=\"icon icon-phone release-content-contact__details-list-item-icon\">\n                <use xlink:href=\"#icon-phone\"></use>\n            </svg>0032476042163</a></li></ul>\n    </div>\n</div>",
    "mainvisual": {
        "thumbnail": "https://cdn.uc.assets.prezly.com/bc4fde31-bdb7-4dc8-b564-2b2ab554d31a/-/scale_crop/250x250/center/-/format/auto/",
        "large": "https://cdn.uc.assets.prezly.com/bc4fde31-bdb7-4dc8-b564-2b2ab554d31a/-/preview/500x500/-/format/auto/",
        "original": "https://cdn.uc.assets.prezly.com/bc4fde31-bdb7-4dc8-b564-2b2ab554d31a/"
    },
    "images": [
        {
            "caption": "",
            "original": "https://cdn.uc.assets.prezly.com/bc4fde31-bdb7-4dc8-b564-2b2ab554d31a/",
            "medium": "https://cdn.uc.assets.prezly.com/bc4fde31-bdb7-4dc8-b564-2b2ab554d31a/-/preview/500x500/-/format/auto/",
            "small": "https://cdn.uc.assets.prezly.com/bc4fde31-bdb7-4dc8-b564-2b2ab554d31a/-/preview/200x200/-/format/auto/",
            "thumbnail": "https://cdn.uc.assets.prezly.com/bc4fde31-bdb7-4dc8-b564-2b2ab554d31a/-/preview/100x100/-/format/auto/",
            "square": "https://cdn.uc.assets.prezly.com/bc4fde31-bdb7-4dc8-b564-2b2ab554d31a/-/scale_crop/200x200/center/-/format/auto/",
            "squaresmall": "https://cdn.uc.assets.prezly.com/bc4fde31-bdb7-4dc8-b564-2b2ab554d31a/-/scale_crop/58x58/center/-/format/auto/"
        },
        {
            "caption": "",
            "original": "https://cdn.uc.assets.prezly.com/c7f47738-bb2f-4420-9068-c6bc067e7bcd/",
            "medium": "https://cdn.uc.assets.prezly.com/c7f47738-bb2f-4420-9068-c6bc067e7bcd/-/preview/500x500/-/format/auto/",
            "small": "https://cdn.uc.assets.prezly.com/c7f47738-bb2f-4420-9068-c6bc067e7bcd/-/preview/200x200/-/format/auto/",
            "thumbnail": "https://cdn.uc.assets.prezly.com/c7f47738-bb2f-4420-9068-c6bc067e7bcd/-/preview/100x100/-/format/auto/",
            "square": "https://cdn.uc.assets.prezly.com/c7f47738-bb2f-4420-9068-c6bc067e7bcd/-/scale_crop/200x200/center/-/format/auto/",
            "squaresmall": "https://cdn.uc.assets.prezly.com/c7f47738-bb2f-4420-9068-c6bc067e7bcd/-/scale_crop/58x58/center/-/format/auto/"
        },
        {
            "caption": "Bart Van der Biest, directeur g\u00e9n\u00e9ral de SAP Benelux",
            "original": "https://cdn.uc.assets.prezly.com/0e428cd3-388d-49a3-ac25-73cf2832ca99/",
            "medium": "https://cdn.uc.assets.prezly.com/0e428cd3-388d-49a3-ac25-73cf2832ca99/-/preview/500x500/-/format/auto/",
            "small": "https://cdn.uc.assets.prezly.com/0e428cd3-388d-49a3-ac25-73cf2832ca99/-/preview/200x200/-/format/auto/",
            "thumbnail": "https://cdn.uc.assets.prezly.com/0e428cd3-388d-49a3-ac25-73cf2832ca99/-/preview/100x100/-/format/auto/",
            "square": "https://cdn.uc.assets.prezly.com/0e428cd3-388d-49a3-ac25-73cf2832ca99/-/scale_crop/200x200/center/-/format/auto/",
            "squaresmall": "https://cdn.uc.assets.prezly.com/0e428cd3-388d-49a3-ac25-73cf2832ca99/-/scale_crop/58x58/center/-/format/auto/"
        }
    ],
    "contacts": [
        {
            "name": "Tom Weekers",
            "company": "Evoke/BPG",
            "description": "PR consultant",
            "email": "tom.weekers@mediafin.digital",
            "website": null,
            "address": null,
            "telephone": "0032476042163",
            "mobile": null,
            "twitter": null,
            "facebook": null
        }
    ],
    "author": {
        "first_name": "Corneel",
        "last_name": "Haine"
    },
    "format_version": 5
}